{"id":1074,"date":"2023-06-22T21:04:47","date_gmt":"2023-06-22T21:04:47","guid":{"rendered":"https:\/\/www.obrerosdehiram24cadiz.org\/?p=1074"},"modified":"2023-06-22T21:06:31","modified_gmt":"2023-06-22T21:06:31","slug":"solsticio-alaves","status":"publish","type":"post","link":"https:\/\/www.obrerosdehiram24cadiz.org\/?p=1074","title":{"rendered":"SOLSTICIO ALAV\u00c9S."},"content":{"rendered":"<p>Visitas: 156<\/p><p>SOLSTICIO ALAV\u00c9S.<\/p>\n<p>Ayer d\u00eda 21 de Junio a las 21 horas como hace 3000 a\u00f1os, se celebr\u00f3 el solsticio de verano en el Cromlech de Mendiluze, situado al oeste de las Campas de Legaire en la Sierra de Entzia (\u00c1lava).<br \/>\nAl atardecer se pudo comprobar un curioso fen\u00f3meno, la sombra proyectada por la piedra m\u00e1s alta que est\u00e1 situada al Oeste, lleg\u00f3 a tapar la piedra del Este, marcando el solsticio de verano.<br \/>\nSe trata, por tanto, de otro hecho clave en la prehistoria europea: La prueba que nuestros antepasados, supuestamente b\u00e1rbaros, conoc\u00edan tanto el cielo como los babilonios, egipcios, aztecas, griegos o indios.<br \/>\nEstas piedras fueron dispuestas de modo tal que se\u00f1alaban solsticios y equinoccios y actuaban como calendario.  La mitolog\u00eda ha atribuido a los cromlechs a distintos seres, como gentiles, mairus, intxisus, lo m\u00e1s com\u00fan ha sido creer que era cosa de Maixus seg\u00fan contaba el \u201caita\u201d Barandiaran.<\/p>\n","protected":false},"excerpt":{"rendered":"<p>Visitas: 156SOLSTICIO ALAV\u00c9S. Ayer d\u00eda 21 de Junio a las 21 horas como hace 3000 a\u00f1os, se celebr\u00f3 el solsticio de verano en el Cromlech de Mendiluze, situado al oeste&hellip; <\/p>\n","protected":false},"author":1,"featured_media":1075,"comment_status":"closed","ping_status":"open","sticky":false,"template":"","format":"standard","meta":{"om_disable_all_campaigns":false,"_monsterinsights_skip_tracking":false,"_monsterinsights_sitenote_active":false,"_monsterinsights_sitenote_note":"","_monsterinsights_sitenote_category":0,"_uf_show_specific_survey":0,"_uf_disable_surveys":false,"footnotes":""},"categories":[3],"tags":[49,14,25,13,23],"class_list":["post-1074","post","type-post","status-publish","format-standard","has-post-thumbnail","hentry","category-blog","tag-antiguedad","tag-esoterismo","tag-filosofia","tag-logia-cadiz","tag-mente"],"aioseo_notices":[],"_links":{"self":[{"href":"https:\/\/www.obrerosdehiram24cadiz.org\/index.php?rest_route=\/wp\/v2\/posts\/1074","targetHints":{"allow":["GET"]}}],"collection":[{"href":"https:\/\/www.obrerosdehiram24cadiz.org\/index.php?rest_route=\/wp\/v2\/posts"}],"about":[{"href":"https:\/\/www.obrerosdehiram24cadiz.org\/index.php?rest_route=\/wp\/v2\/types\/post"}],"author":[{"embeddable":true,"href":"https:\/\/www.obrerosdehiram24cadiz.org\/index.php?rest_route=\/wp\/v2\/users\/1"}],"replies":[{"embeddable":true,"href":"https:\/\/www.obrerosdehiram24cadiz.org\/index.php?rest_route=%2Fwp%2Fv2%2Fcomments&post=1074"}],"version-history":[{"count":0,"href":"https:\/\/www.obrerosdehiram24cadiz.org\/index.php?rest_route=\/wp\/v2\/posts\/1074\/revisions"}],"wp:featuredmedia":[{"embeddable":true,"href":"https:\/\/www.obrerosdehiram24cadiz.org\/index.php?rest_route=\/wp\/v2\/media\/1075"}],"wp:attachment":[{"href":"https:\/\/www.obrerosdehiram24cadiz.org\/index.php?rest_route=%2Fwp%2Fv2%2Fmedia&parent=1074"}],"wp:term":[{"taxonomy":"category","embeddable":true,"href":"https:\/\/www.obrerosdehiram24cadiz.org\/index.php?rest_route=%2Fwp%2Fv2%2Fcategories&post=1074"},{"taxonomy":"post_tag","embeddable":true,"href":"https:\/\/www.obrerosdehiram24cadiz.org\/index.php?rest_route=%2Fwp%2Fv2%2Ftags&post=1074"}],"curies":[{"name":"wp","href":"https:\/\/api.w.org\/{rel}","templated":true}]}}