{"id":1148,"date":"2023-12-18T18:21:35","date_gmt":"2023-12-18T18:21:35","guid":{"rendered":"https:\/\/www.obrerosdehiram24cadiz.org\/?p=1148"},"modified":"2023-12-19T19:59:25","modified_gmt":"2023-12-19T19:59:25","slug":"feliz-solsticio","status":"publish","type":"post","link":"https:\/\/www.obrerosdehiram24cadiz.org\/?p=1148","title":{"rendered":"Feliz Solsticio"},"content":{"rendered":"<p>Visitas: 291<\/p><p style=\"text-align: justify;\"><span style=\"font-size: 16px;\"><strong>EL SOLSTICIO DE INVIERNO<\/strong><\/span><\/p>\n<p style=\"text-align: justify;\"><span style=\"font-size: 16px;\">Este pr\u00f3ximo viernes 22 de diciembre a las 4:27 se producir\u00e1 el Solsticio de Invierno.<\/span><\/p>\n<p style=\"text-align: justify;\"><span style=\"font-size: 16px;\">Mientras que la primavera simboliza el renacer, el verano la luz y el crecimiento, el oto\u00f1o tanto el desapego como la depuraci\u00f3n y el decrecimiento; el invierno, encarna la quietud y la introspecci\u00f3n.<\/span><\/p>\n<p style=\"text-align: justify;\"><span style=\"font-size: 16px;\">El Solsticio de Invierno representa el renacimiento de la Luz, porque desde ese momento la noche ir\u00e1 disminuyendo, haciendo que la luz del d\u00eda se extienda cada d\u00eda m\u00e1s. Aunque en teor\u00eda, el solsticio de invierno solo dura un instante, el t\u00e9rmino Solsticio tambi\u00e9n se usa normalmente para referirnos a las veinticuatro horas de ese d\u00eda.<\/span><\/p>\n<p style=\"text-align: justify;\"><span style=\"font-size: 16px;\">Con la respiraci\u00f3n logramos aquietar y concentrar la mente, y a su vez con la conciencia podremos mover la energ\u00eda en el cuerpo. Pues es en la austeridad del invierno cuando la mente se aclara, porque la vida se desarrolla en el Ser interno. Y si somos capaces de o\u00edr, nos daremos cuenta de que nuestro Planeta nos est\u00e1 pidiendo que retomemos el sentido de Unidad, ese grado de Sabidur\u00eda donde la conexi\u00f3n con los ciclos de la Tierra, Sol y Luna sean sagrados para nuestra existencia. Necesitamos cambiar nuestra relaci\u00f3n con lo que nos rodea, y afianzarnos como constructores del cambio que nos conducir\u00e1 a la sanaci\u00f3n propia y la de nuestro mundo, pues la uni\u00f3n de Cielo y Tierra es la llave.<\/span><\/p>\n<p style=\"text-align: justify;\"><span style=\"font-size: 16px;\">Es necesario que la Tierra mantenga su equilibrio, y que los seres humanos participemos manteniendo el equilibrio interno y externo. Somos hijos de la Tierra, y todo lo que le pasa a nuestro Planeta nos pasa a nosotros. En el solsticio de invierno, la consecuencia de estar en armon\u00eda con la naturaleza y celebrar sus ciclos tiene como consecuencia que nosotros tambi\u00e9n entremos en armon\u00eda.<\/span><\/p>\n<p style=\"text-align: justify;\"><span style=\"font-size: 16px;\">Pero debemos ser conscientes de los cambios en el comportamiento a los que nos invita el DEUS SOL INVICTUS, as\u00ed como los que produce el fr\u00edo invierno. Las condiciones extremas y los cambios dr\u00e1sticos\u00a0nos producen diversos efectos\u00a0mentales y f\u00edsicos, de salud y comportamiento. El cuerpo reacciona ante los efectos externos. Por eso, el \u00abtiempo loco\u00bb que desde hace tiempo estamos viviendo provoca cambios en el organismo e influye en el bienestar, en el malestar o en la conducta en general. As\u00ed las bajas temperaturas ayudan a dormir. Un ambiente refrigerado permite sue\u00f1os m\u00e1s placenteros. Sucede porque cuando la temperatura del cuerpo se enfr\u00eda, el cerebro se prepara para dormir. Est\u00e1 claro. La temporada invernal afecta a la salud mental. Se disparan sus efectos durante los meses de invierno, con sus d\u00edas m\u00e1s cortos y oscuros, coincidiendo con un patr\u00f3n de tristeza, ansiedad y, angustia durante los meses fr\u00edos.<\/span><\/p>\n<p style=\"text-align: justify;\"><span style=\"font-size: 16px;\">Seguro que todos lo hemos sufrido, la vida diaria nos impide parar para pensar un rato, los problemas del d\u00eda a d\u00eda, la soledad que vivimos aun estando rodeado de gente, las prisas, el estr\u00e9s, el desasosiego, los sacrificios sin recompensa, todo parece sobrepasarnos, y pese a todo sacamos fuerzas de flaqueza. Por eso este periodo de oscuridad nos invita, a realizar un viaje interno, sin juicios, pero con reflexi\u00f3n, para que tocado fondo, ver la luz brillar de nuevo. Y es que, en nosotros, como en todo, tambi\u00e9n est\u00e1 reflejado el principio herm\u00e9tico de la polaridad, del yin-yang, de la oscuridad y la luz.<\/span><\/p>\n<p style=\"text-align: justify;\"><span style=\"font-size: 16px;\"><em>Entre otros, el solsticio de invierno fue representado por Mitra,<\/em> un dios persa con al menos cuatro mil a\u00f1os de existencia. Su creencia en la\u00a0<em>India\u00a0<\/em>se diluy\u00f3, pero se acentu\u00f3 en\u00a0<em>Persia\u00a0<\/em>y predomin\u00f3 en los misterios de\u00a0<em>\u00e9poca romana<\/em>. Su primitivo libro sagrado es el\u00a0<em>Avesta<\/em>. El\u00a0<em>Mitra\u00edsmo\u00a0<\/em>desapareci\u00f3, pero sus creencias en dos poderes opuestos que dominan el universo, el bien y el mal, la luz y las tinieblas, permanecieron en el Manique\u00edsmo y en otras creencias como entre los\u00a0<em>Bogomilitas<\/em>, entre los\u00a0<em>C\u00e1taros, Esenios, Albigenses<\/em>, etc..<\/span><\/p>\n<p style=\"text-align: justify;\"><span style=\"font-size: 16px;\">Tambi\u00e9n sabemos que hay un componente de mente universal, de inconsciente colectivo, de ese \u00e9ter alqu\u00edmico que atrae y favorece el pensamiento, as\u00ed como a todo lo relacionado con la espiritualidad y el misticismo. Esa quintaesencia o quinto nivel de vibraci\u00f3n que hace que coincidamos en un espacio-tiempo determinado.\u00a0Por eso hay celebraciones ruidosas y otras de reflexi\u00f3n silenciosa. En el solsticio los antiguos se preparaban para el futuro. Nuestros antepasados encend\u00edan grandes fogatas y bailaban a su alrededor toda la noche para llamar al amanecer, girando y girando e invocando el cambio. Y lo hac\u00edan con la perfecta quietud de las im\u00e1genes en cuevas, con teas iluminando la oscuridad, con el sagrado \u00e1rbol verde de la vida en medio de la muerte y, la madre tierra dando cobijo al ni\u00f1o Sol. Distintos Rituales esparcidos por la faz de la tierra con distintos nombres y un solo sentido. A t\u00edtulo de ejemplo os muestro algunos de los que se celebraban en este planeta:<\/span><\/p>\n<p style=\"text-align: justify;\"><span style=\"font-size: 16px;\">Coincidiendo con estas fechas, en el hemisferio Sur. Los\u00a0aimaras\u00a0celebran en la ciudadela preincaica de\u00a0Tiahuanaco\u00a0(Bolivia) el <strong>WILLKA KUTI<\/strong>, o retorno del sol. O el\u00a0<strong>INTI RAYMI<\/strong>\u00a0(o\u00a0Fiesta del Sol), una ceremonia religiosa del\u00a0Imperio inca\u00a0en honor del\u00a0dios sol\u00a0Inti.<\/span><\/p>\n<p style=\"text-align: justify;\"><span style=\"font-size: 16px;\">Por el contrario. En el hemisferio Norte. Muchas y variadas son las celebraciones, algunas tales como:<\/span><\/p>\n<p style=\"text-align: justify;\"><span style=\"font-size: 16px;\"><strong>AMATERASU<\/strong>, R\u00e9quiem de los Muertos, diosa del sol\u00a0de la\u00a0mitolog\u00eda japonesa.<\/span><\/p>\n<p style=\"text-align: justify;\"><span style=\"font-size: 16px;\"><strong>HORUS<\/strong>. El elevado. Dios egipcio. Nac\u00eda en este momento del a\u00f1o. Horus era el hijo de la divinidad, y en esta fecha su imagen era sacada de los templos para realizar ceremonias especiales.<\/span><\/p>\n<p style=\"text-align: justify;\"><span style=\"font-size: 16px;\"><strong>BEIWE<\/strong>, la diosa del sol adorada por los Saami, el pueblo\u00a0originario\u00a0de\u00a0Laponia.<\/span><\/p>\n<h3 style=\"text-align: justify;\"><span style=\"font-size: 16px;\">CHOIMUS, en las antiguas tradiciones de los Kalash, pueblo de\u00a0Pakist\u00e1n<\/span><\/h3>\n<p style=\"text-align: justify;\"><span style=\"font-size: 16px;\"><strong>DEUORIUS RIURI<\/strong>\u00a0Gran fiesta divina de invierno en Francia. Observada por el calendario lunisolar de Coligny\u00a0que fue grabado por Druidas.<\/span><\/p>\n<p style=\"text-align: justify;\"><span style=\"font-size: 16px;\">En Persia el <strong>SHAB-E CHELLEH<\/strong> derivado de una celebraci\u00f3n pre-zoro\u00e1strico (el d\u00eda de Sol) pertenece al dios Ahura Mazda y Mitra.<\/span><\/p>\n<h3 style=\"text-align: justify;\"><span style=\"font-size: 16px;\">El D\u014cNGZH\u00cc solar celebrado por los chinos y otros asi\u00e1ticos orientales.<\/span><\/h3>\n<p style=\"text-align: justify;\"><span style=\"font-size: 16px;\"><strong>GORU,<\/strong> ceremonia del pa\u00eds Dogon\u00a0(en\u00a0Mal\u00ed &#8211; \u00c1frica).<\/span><\/p>\n<p style=\"text-align: justify;\"><span style=\"font-size: 16px;\"><strong>YULES<\/strong>, de los escoceses\u00a0de las\u00a0islas Shetland, comenzaban a celebrarlo el\u00a018 de diciembre.<\/span><\/p>\n<p style=\"text-align: justify;\"><span style=\"font-size: 16px;\"><strong>JONKANOO<\/strong>, en Jamaica, que se asemeja al amansamiento de Osos de la tradici\u00f3n medieval de Gran Breta\u00f1a y que tienen gran parecido con la inversi\u00f3n de los papeles en los rituales sociales que marcaron la antigua fiesta romana de la Saturnalia.<\/span><\/p>\n<h3 style=\"text-align: justify;\"><span style=\"font-size: 16px;\">KARACHUN, Era celebrada por los eslavos y se prolongaba durante diez d\u00edas.<\/span><\/h3>\n<p style=\"text-align: justify;\"><span style=\"font-size: 16px;\">En las civilizaciones del\u00a0Mar Egeo, el ritual era exclusivamente femenino el <strong>LENAEA<\/strong>, el\u00a0Festival de la Mujer Salvaje.<\/span><\/p>\n<p style=\"text-align: justify;\"><span style=\"font-size: 16px;\"><strong>LA\u00a0NOCHE DE LUSSI<\/strong>, la mujer demonio, en Suecia, \u200bocurre el\u00a0trece de diciembre, en lo que supon\u00edan que iba a ser la noche m\u00e1s larga del a\u00f1o.<\/span><\/p>\n<p style=\"text-align: justify;\"><span style=\"font-size: 16px;\"><strong>MAKARA SANKRANTI<\/strong>, festival hind\u00fa que se basa en el calendario celeste en lugar del calendario lunar.<\/span><\/p>\n<p style=\"text-align: justify;\"><span style=\"font-size: 16px;\"><strong>MODRANICHT<\/strong>, era una fiesta germ\u00e1nica. Se cre\u00eda que los sue\u00f1os en esta noche predec\u00edan acontecimientos del a\u00f1o siguiente.<\/span><\/p>\n<p style=\"text-align: justify;\"><span style=\"font-size: 16px;\"><strong>ME\u00c1N GEIMHRIDH<\/strong> o pleno invierno, de las tribus Proto-celtas, tard\u00edas y druidas.<\/span><\/p>\n<p style=\"text-align: justify;\"><span style=\"font-size: 16px;\"><strong>EL D\u00cdA WREN<\/strong> celebrado en Irlanda en la Isla de Man y Gales el\u00a026 de diciembre.<\/span><\/p>\n<p style=\"text-align: justify;\"><span style=\"font-size: 16px;\"><strong>ALBAN ARTHAN<\/strong>, En\u00a0Inglaterra, un resurgimiento druida.<\/span><\/p>\n<p style=\"text-align: justify;\"><span style=\"font-size: 16px;\">Los primeros alemanes (siglos\u00a0VI-XI) cre\u00edan que\u00a0<strong>PERCHTA<\/strong> era la diosa de la luz, y del hogar. Las casas se cubr\u00edan con ramas perennes de abeto para darle la bienvenida.<\/span><\/p>\n<p style=\"text-align: justify;\"><span style=\"font-size: 16px;\">Originalmente celebrada por los antiguos griegos como <strong>KRONIA<\/strong>, el festival de Cronos, su equivalente la <strong>SATURNALIA<\/strong> fue la fiesta en la que los romanos conmemoraban la dedicaci\u00f3n del templo de Saturno.<\/span><\/p>\n<h3 style=\"text-align: justify;\"><span style=\"font-size: 16px;\">ZISTAN\u00ca SEVA, la noche de invierno. De origen Kurdo con gran importancia en el\u00a0zoroastrismo.<\/span><\/h3>\n<p style=\"text-align: justify;\"><span style=\"font-size: 16px;\"><strong>DEUS SOL INVICTUS<\/strong>\u00a0(el dios sol invicto) celebrada por los romanos el\u00a0veinticinco de diciembre. El Mitra\u00edsmo, religi\u00f3n mist\u00e9rica expandida con los legionarios por todo el imperio romano, vino a extender este culto.<\/span><\/p>\n<p style=\"text-align: justify;\"><span style=\"font-size: 16px;\"><strong>SOYALANGWUL<\/strong>, celebraci\u00f3n de los\u00a0indios Zu\u00f1i y hopi (EEUU) \u200b<\/span><\/p>\n<h3 style=\"text-align: justify;\"><span style=\"font-size: 16px;\">YULE, WICCA, JUL, JOL, etc., La Rueda del A\u00f1o. Originalmente con el nombre\u00a0GIULI, de la \u00e9poca\u00a0vikinga, una amalgama de tradiciones y celebraciones del\u00a0Solsticio teut\u00f3nico\u00a0y la\u00a0Fiesta de los Muertos. De los ind\u00edgenas de la\u00a0tradici\u00f3n islandesa JOL.\u00a0<\/span><\/h3>\n<p style=\"text-align: justify;\"><span style=\"font-size: 16px;\">Adaptando las celebraciones egipcias a\u00a0Osiris,\u00a0Babilonia\u00a0celebr\u00f3 la renovaci\u00f3n anual con el <strong>ZAGMUK<\/strong>.<\/span><\/p>\n<p style=\"text-align: justify;\"><span style=\"font-size: 16px;\">En la antigua Letonia,\u00a0 se celebraba el\u00a0<strong>ZIEMASSV\u0112TKI<\/strong>.<\/span><\/p>\n<h3 style=\"text-align: justify;\"><span style=\"font-size: 16px;\">Y mucho m\u00e1s actual NAVIDAD, Natalis D\u00f3mini , siglo IV en Roma y siglo XI en Inglaterra<\/span><\/h3>\n","protected":false},"excerpt":{"rendered":"<p>Visitas: 291EL SOLSTICIO DE INVIERNO Este pr\u00f3ximo viernes 22 de diciembre a las 4:27 se producir\u00e1 el Solsticio de Invierno. Mientras que la primavera simboliza el renacer, el verano la&hellip; <\/p>\n","protected":false},"author":1,"featured_media":1149,"comment_status":"closed","ping_status":"open","sticky":false,"template":"","format":"standard","meta":{"om_disable_all_campaigns":false,"_monsterinsights_skip_tracking":false,"_monsterinsights_sitenote_active":true,"_monsterinsights_sitenote_note":"Published: Feliz Solsticio  ","_monsterinsights_sitenote_category":58,"_uf_show_specific_survey":0,"_uf_disable_surveys":false,"footnotes":""},"categories":[3],"tags":[49],"class_list":["post-1148","post","type-post","status-publish","format-standard","has-post-thumbnail","hentry","category-blog","tag-antiguedad"],"aioseo_notices":[],"_links":{"self":[{"href":"https:\/\/www.obrerosdehiram24cadiz.org\/index.php?rest_route=\/wp\/v2\/posts\/1148","targetHints":{"allow":["GET"]}}],"collection":[{"href":"https:\/\/www.obrerosdehiram24cadiz.org\/index.php?rest_route=\/wp\/v2\/posts"}],"about":[{"href":"https:\/\/www.obrerosdehiram24cadiz.org\/index.php?rest_route=\/wp\/v2\/types\/post"}],"author":[{"embeddable":true,"href":"https:\/\/www.obrerosdehiram24cadiz.org\/index.php?rest_route=\/wp\/v2\/users\/1"}],"replies":[{"embeddable":true,"href":"https:\/\/www.obrerosdehiram24cadiz.org\/index.php?rest_route=%2Fwp%2Fv2%2Fcomments&post=1148"}],"version-history":[{"count":0,"href":"https:\/\/www.obrerosdehiram24cadiz.org\/index.php?rest_route=\/wp\/v2\/posts\/1148\/revisions"}],"wp:featuredmedia":[{"embeddable":true,"href":"https:\/\/www.obrerosdehiram24cadiz.org\/index.php?rest_route=\/wp\/v2\/media\/1149"}],"wp:attachment":[{"href":"https:\/\/www.obrerosdehiram24cadiz.org\/index.php?rest_route=%2Fwp%2Fv2%2Fmedia&parent=1148"}],"wp:term":[{"taxonomy":"category","embeddable":true,"href":"https:\/\/www.obrerosdehiram24cadiz.org\/index.php?rest_route=%2Fwp%2Fv2%2Fcategories&post=1148"},{"taxonomy":"post_tag","embeddable":true,"href":"https:\/\/www.obrerosdehiram24cadiz.org\/index.php?rest_route=%2Fwp%2Fv2%2Ftags&post=1148"}],"curies":[{"name":"wp","href":"https:\/\/api.w.org\/{rel}","templated":true}]}}