{"id":1162,"date":"2024-02-03T22:04:25","date_gmt":"2024-02-03T22:04:25","guid":{"rendered":"https:\/\/www.obrerosdehiram24cadiz.org\/?p=1162"},"modified":"2024-02-03T23:53:40","modified_gmt":"2024-02-03T23:53:40","slug":"en-memoria-de-las-victimas-del-holocausto","status":"publish","type":"post","link":"https:\/\/www.obrerosdehiram24cadiz.org\/?p=1162","title":{"rendered":"EN MEMORIA DE LAS V\u00cdCTIMAS DEL HOLOCAUSTO"},"content":{"rendered":"<p>Visitas: 512<\/p><p style=\"text-align: center;\"><em><strong>27 de enero. D\u00eda internacional<\/strong><\/em><\/p>\n<p style=\"text-align: justify;\">Escultura en conmemoraci\u00f3n de siete masones que crearon una Logia Mas\u00f3nica mientras estaban recluidos en un campo de concentraci\u00f3n nazi.<\/p>\n<p style=\"text-align: justify;\"><strong>Libert\u00e9 ch\u00e9rie<\/strong>\u00a0\u00abLibertad querida\u00bb esta Logia est\u00e1 matriculada bajo el n\u00famero 29 bis de El\u00a0Gran Oriente de B\u00e9lgica. Fue una Logia Mas\u00f3nica conocida por haber funcionado dentro del\u00a0campo de concentraci\u00f3n nazi\u00a0de Esterwegen, Baja Sajonia, Alemania durante la\u00a0Segunda Guerra Mundial.<\/p>\n<p style=\"text-align: justify;\">La logia se fund\u00f3 en la segunda quincena de noviembre de 1943, despu\u00e9s de la llegada del maestro mas\u00f3n Am\u00e9d\u00e9e Miclotte a la caba\u00f1a 6 del campo de concentraci\u00f3n Emslandlager VII de\u00a0Esterwegen, el 22 de noviembre de 1943, por siete masones belgas deportados para hechos de resistencia.<a href=\"https:\/\/es.wikipedia.org\/wiki\/Libert%C3%A9_ch%C3%A9rie_(logia_mas%C3%B3nica)#cite_note-1\"><sup>1<\/sup><\/a>\u200b El nombre de la logia se escogi\u00f3 seg\u00fan las palabras del Canto de los pantanos (traducci\u00f3n del Borgermolied) creado en 1933 a B\u00f6rgermore y Esterwegen, haciendo referencia a\u00a0la Marsellesa, difundido luego por los prisioneros pol\u00edticos alemanes y retransmitidos al extranjero donde ha sido traducido y cantado en las organizaciones de juventudes Scout y dem\u00e1s as\u00ed como por las miembros de las\u00a0brigadas internacionales.<\/p>\n<p style=\"text-align: justify;\">Los siete miembros fundadores fueron: PAUL HANSON, LUC SOMERHAUSEN, GUY HANNECART, JEAN SUGG, JOSEPH DEGUELDRE, AM\u00c9D\u00c9E MICLOTTE y, FRANZ ROCHAT. Hubo dos \u00abafiliados\u00bb a la Logia \u00abLibertad querida\u00bb llegados a Esterwegen en febrero y marzo de 1944: JEAN-BAPTISTE DE SCHRIJVER y, HENRI STORY. Poco antes la salida de LUC SOMERHAUSEN el 22 de febrero de 1944, iniciaron, y despu\u00e9s elevaron hasta el tercer\u00a0grado\u00a0al hermano FERNAND ERAUW; el hermano FRANZ BRIDOUX, iniciado despu\u00e9s de la guerra, estuvo tambi\u00e9n prisionero en la misma caba\u00f1a del 16 de noviembre de 1943 al 15 de abril de 1944.<\/p>\n<p style=\"text-align: center;\">***<\/p>\n<p style=\"text-align: justify;\">El domingo por la ma\u00f1ana, mientras que los cat\u00f3licos se reun\u00edan en el fondo del dormitorio para la misa con dos sacerdotes deportados, los hermanos reun\u00edan a la logia en el otro cuarto de la caba\u00f1a n\u00famero 6, alrededor de una mesa que era utilizada habitualmente. Los deportados no cat\u00f3licos y no masones aseguraban la guardia a la entrada de la caba\u00f1a.<\/p>\n<p style=\"text-align: justify;\">La caba\u00f1a n\u00famero 6\u00a0estaba ocupada por prisioneros extranjeros. Aproximadamente un 85\u00a0% de Belgas y un 10\u00a0% de Franceses de\u00a0Norte-Paso de Calais.<\/p>\n<p style=\"text-align: justify;\">LUC SOMERHAUSEN describi\u00f3 la iniciaci\u00f3n de ERAUW y las dem\u00e1s ceremonias como las m\u00e1s austeras. Estas ceremonias tuvieron lugar alrededor de una de las mesas con un ritual extremadamente simplificado. Los miembros le dieron las nociones b\u00e1sicas al candidato con el fin de que, en lo sucesivo, pudiera participar en los trabajos de la Logia. La tarea no fue f\u00e1cil, ya que procuraban estar protegidos de las miradas de los dem\u00e1s prisioneros y de los vigilantes por los algunos no-cat\u00f3licos y no masones que estaban deportados en la misma caba\u00f1a.<\/p>\n<p style=\"text-align: justify;\">En la caba\u00f1a n\u00famero 6 hab\u00eda m\u00e1s de un centenar de prisioneros donde estaban encerrados pr\u00e1cticamente las 24 horas del d\u00eda. Bajo vigilancia, ten\u00edan el derecho de salir solo una media hora al d\u00eda. Durante toda el d\u00eda los prisioneros trabajaban. Los prisioneros pol\u00edticos y los condenados por delitos comunes de origen alem\u00e1n ubicados en la otra mitad del campo de concentraci\u00f3n estaban obligados a trabajar en condiciones espantosas en las canteras de turba de los alrededores. La alimentaci\u00f3n era tan pobre y escasa que los prisioneros perd\u00edan un promedio de\u00a0cuatro kilos\u00a0cada mes.<\/p>\n<p style=\"text-align: justify;\">Despu\u00e9s de la tenida de Instalaci\u00f3n, se organizaron en la logia otras reuniones con distintas tem\u00e1ticas. Una de ellas fue dedicada al s\u00edmbolo del\u00a0Gran Arquitecto del Universo, otra al porvenir de B\u00e9lgica y otra al lugar de las mujeres en la francmasoner\u00eda. La logia ces\u00f3 sus trabajos en primavera 1944 cuando trasladaron a todos los prisioneros\u00a0hacia otros campos m\u00e1s al centro de Alemania.<\/p>\n<p style=\"text-align: justify;\">El venerable maestro de la Logia, el juez PAUL HANSON, naci\u00f3 en Lieja el 25 de julio de 1889, era miembro de la logia \u00ab\u00a0Hiram\u00a0\u00bb de<span style=\"color: #000000;\"> Lieja.<\/span> Fue arrestado el 23 de abril de 1942 por participar en un servicio de informaci\u00f3n y de acci\u00f3n. Muri\u00f3 en las ruinas de su prisi\u00f3n el 26 de marzo de 1944. \u200b<\/p>\n<p style=\"text-align: justify;\">El doctor FRANZ ROCHAT, profesor de universidad, farmac\u00e9utico y director de un importante laboratorio farmac\u00e9utico, naci\u00f3 en\u00a0Santo-Gilles el 10 de marzo de 1908. Trabaj\u00f3 clandestinamente para el peri\u00f3dico de la resistencia\u00a0<em>La Voz de los Belgas<\/em>, fue arrestado el 28 de febrero de 1942, enviado al campo de concentraci\u00f3n de\u00a0Untermansfeld\u00a0en abril de 1944, muri\u00f3 el 6 de enero de 1945.<\/p>\n<p style=\"text-align: justify;\">JEAN SUGG naci\u00f3 el 8 de septiembre de 1897 en\u00a0Gante. De origen suizo-alem\u00e1n, trabaj\u00f3 con FRANZ ROCHAT en la prensa de la resistencia, traduciendo los textos alemanes y suizos, particip\u00f3 en diferentes peri\u00f3dicos clandestinos. Muri\u00f3 en el\u00a0campo de concentraci\u00f3n de Buchenwald\u00a0el 6 de mayo de 1945. JEAN SUGG y FRANZ ROCHAT pertenec\u00edan a la logia \u00abLes Amis philanthropes\u00bb n\u00b03 en Bruselas.<\/p>\n<p style=\"text-align: justify;\">GUY HANNECART, abogado, poeta, novelista y dramaturgo, naci\u00f3 en Bruselas el 20 de noviembre de 1903, perteneci\u00f3 a la logia \u00abLes Amis philanthropes\u00bb n\u00b03 en Bruselas. Miembro del Directorio nacional del Movimiento nacional belga, fue arrestado el 27 de abril de 1942. Muri\u00f3 en el\u00a0campo de concentraci\u00f3n de Bergen-Belse<u>n<\/u>\u00a0el 25 de febrero de 1945.<\/p>\n<p style=\"text-align: justify;\">JOSEPH DEGUELDRE, doctor en medicina, naci\u00f3 en Grande-Rechain el 16 de octubre de 1904, era miembro de la Logia \u00abLe Travail\u00bb a\u00a0Verviers. Miembro del Ej\u00e9rcito secreto), jefe de secci\u00f3n de S.A.R., arrestado el 29 de mayo de 1943. Trasladado a la prisi\u00f3n de Ichtershausen en abril de 1945, particip\u00f3 en una \u00abmarcha de la muerte\u00bb, de donde se escapa. Fue repatriado luego por la aviaci\u00f3n estadounidense el 7 de mayo de 1945. Muri\u00f3 el 19 de abril de 1981 a la edad de 78 a\u00f1os.<\/p>\n<p style=\"text-align: justify;\">AM\u00c9D\u00c9E MICLOTTE, profesor, naci\u00f3 el 20 de diciembre de 1902 en La Hamaide y pertenec\u00eda a la logia \u00abLes Vrais Amis de l&#8217;union et du progr\u00e8s r\u00e9unis\u00bb. Jefe de secci\u00f3n a los Servicios de informaciones y de acciones franceses, es arrestado el 29 de diciembre de 1942. Fue visto por la \u00faltima vez en su detenci\u00f3n, el 8 de febrero de 1945 en Gross-Rosen.<\/p>\n<p style=\"text-align: justify;\">JEAN DE SCHRIJVER, coronel del ej\u00e9rcito belga, naci\u00f3 el 23 de agosto de 1893 en\u00a0Aalst. Era miembro de la logia \u00abLa Libert\u00e9\u00bb en Gante. El 2 de septiembre de 1943, es arrestado por espionaje y posesi\u00f3n de armas. Muere en\u00a0Gross-Rosen\u00a0el 9 de febrero de 1945.<\/p>\n<p style=\"text-align: justify;\">HENRY STORY naci\u00f3 el 27 de noviembre de 1897 en Gante. Era miembro de la logia \u00abLe Septentrion\u00bb en Gante. Capit\u00e1n de los Servicios de informaciones y de acci\u00f3n, arrestado el 20 de octubre de 1943, muere el 5 de diciembre de 1944 a Gross-Rosen.<\/p>\n<p style=\"text-align: justify;\">LUC SOMERHAUSEN, periodista, naci\u00f3 el 26 de agosto de 1903, en Hoeilaart. Pertenec\u00eda a la logia \u00abAction et Solidarit\u00e9\u00bb n\u00b03 y fue Gran Secretario-adjunto del Gran Oriente de B\u00e9lgica. Suboficial de los Servicios de informaciones y de acciones, es arrestado el 28 de mayo de 1943 en Bruselas. Repatriado el 21 de mayo de 1945, envi\u00f3 en agosto de la mismo a\u00f1o un informe detallado al Gran Maestro del Gran Oriente de B\u00e9lgica en el cual relata la historia de la Logia \u00abLibert\u00e9 ch\u00e9rie\u00bb. Muere el 5 de abril de 1982 a la edad de 79 a\u00f1os.<\/p>\n<p style=\"text-align: justify;\">FERNAND ERAUW, secretario del Tribunal de Cuentas de B\u00e9lgica y oficial de reserva en la infanter\u00eda, naci\u00f3 el 29 de enero de 1914 en\u00a0Wemmel. Es arrestado el 4 de agosto de 1942 por pertenencia al Servicio secreto, donde ten\u00eda el grado de teniente. \u00a0Se escap\u00f3 y regres\u00f3 en 1943. ERAUW y SOMERHAUSEN se encontraron en 1944 en el campo de concentraci\u00f3n de Oranienburg-Sachsenhausen siendo inseparables en lo sucesivo. En primavera 1945, participan en una \u00abmarcha de la muerte\u00bb. Repatriado el 21 de a\u00f1o de 1945 y hospitalizado al hospital Saint-Pierre de Bruselas, ERAUW no pesaba entonces m\u00e1s que\u00a032\u00a0kilos y eso siendo una persona de 1,84\u00a0metros de alto. \u00daltimo superviviente de \u00abLibert\u00e9 ch\u00e9rie\u00bb, muere a la edad de 83 a\u00f1os, en 1997.<\/p>\n<p style=\"text-align: justify;\">Hubo tambi\u00e9n dos \u00abafiliados\u00bb llegados a Esterwegen en febrero y marzo de 1944:<\/p>\n<p style=\"text-align: justify;\">JEAN-BAPTISTE DE SCHRIJVER (\u00abLa Libert\u00e9\u00bb (La Libertad), oriente de\u00a0Gante); fallecido el\u00a0campo de concentraci\u00f3n de Gross-Rosen\u00a0el 9 de febrero de 1945.<\/p>\n<p style=\"text-align: justify;\">HENRI STORY (\u00abLe Septentrion\u00bb (El Septentri\u00f3n), oriente de Gante); fallecido en el campo de concentraci\u00f3n de Gross-Rosen el 5 de diciembre de 1944.<\/p>\n<p style=\"text-align: justify;\">Un monumento, creado por el arquitecto Jean De Salle, estuvo elevado por los francmasones belgas y alemanes el 13 de noviembre de 2004. Hace a partir de ahora parte del conjunto del memorial de Esterwegen. Wim R\u00fctten, gran maestro de la Federaci\u00f3n belga del Derecho humano, declar\u00f3 en su discurso:<\/p>\n<p style=\"text-align: justify;\">\u00abEstamos reunidos aqu\u00ed hoy en este cementerio de Esterwegen, no para llorar, sino para expresar p\u00fablicamente un pensamiento libre: En memoria de nuestros hermanos, \u00a1los derechos humanos nunca ser\u00e1n olvidados!\u00bb<\/p>\n<p style=\"text-align: left;\">\n","protected":false},"excerpt":{"rendered":"<p>Visitas: 51227 de enero. D\u00eda internacional Escultura en conmemoraci\u00f3n de siete masones que crearon una Logia Mas\u00f3nica mientras estaban recluidos en un campo de concentraci\u00f3n nazi. Libert\u00e9 ch\u00e9rie\u00a0\u00abLibertad querida\u00bb esta&hellip; <\/p>\n","protected":false},"author":1,"featured_media":1163,"comment_status":"closed","ping_status":"open","sticky":false,"template":"","format":"standard","meta":{"om_disable_all_campaigns":false,"_monsterinsights_skip_tracking":false,"_monsterinsights_sitenote_active":false,"_monsterinsights_sitenote_note":"","_monsterinsights_sitenote_category":0,"_uf_show_specific_survey":0,"_uf_disable_surveys":false,"footnotes":""},"categories":[3],"tags":[49,29,42,11,14,25,28,27,51,52,13,26,8,12,31,9,33,7],"class_list":["post-1162","post","type-post","status-publish","format-standard","has-post-thumbnail","hentry","category-blog","tag-antiguedad","tag-cadiz","tag-constitucion","tag-el-puerto-de-santa-maria","tag-esoterismo","tag-filosofia","tag-g33","tag-glpa","tag-grecia","tag-hypatia","tag-logia-cadiz","tag-logia-gle","tag-masoneria","tag-masoneria-cadiz","tag-san-fernando","tag-sierra-de-cadiz","tag-tenida","tag-villamartin"],"aioseo_notices":[],"_links":{"self":[{"href":"https:\/\/www.obrerosdehiram24cadiz.org\/index.php?rest_route=\/wp\/v2\/posts\/1162","targetHints":{"allow":["GET"]}}],"collection":[{"href":"https:\/\/www.obrerosdehiram24cadiz.org\/index.php?rest_route=\/wp\/v2\/posts"}],"about":[{"href":"https:\/\/www.obrerosdehiram24cadiz.org\/index.php?rest_route=\/wp\/v2\/types\/post"}],"author":[{"embeddable":true,"href":"https:\/\/www.obrerosdehiram24cadiz.org\/index.php?rest_route=\/wp\/v2\/users\/1"}],"replies":[{"embeddable":true,"href":"https:\/\/www.obrerosdehiram24cadiz.org\/index.php?rest_route=%2Fwp%2Fv2%2Fcomments&post=1162"}],"version-history":[{"count":0,"href":"https:\/\/www.obrerosdehiram24cadiz.org\/index.php?rest_route=\/wp\/v2\/posts\/1162\/revisions"}],"wp:featuredmedia":[{"embeddable":true,"href":"https:\/\/www.obrerosdehiram24cadiz.org\/index.php?rest_route=\/wp\/v2\/media\/1163"}],"wp:attachment":[{"href":"https:\/\/www.obrerosdehiram24cadiz.org\/index.php?rest_route=%2Fwp%2Fv2%2Fmedia&parent=1162"}],"wp:term":[{"taxonomy":"category","embeddable":true,"href":"https:\/\/www.obrerosdehiram24cadiz.org\/index.php?rest_route=%2Fwp%2Fv2%2Fcategories&post=1162"},{"taxonomy":"post_tag","embeddable":true,"href":"https:\/\/www.obrerosdehiram24cadiz.org\/index.php?rest_route=%2Fwp%2Fv2%2Ftags&post=1162"}],"curies":[{"name":"wp","href":"https:\/\/api.w.org\/{rel}","templated":true}]}}